{"id":488,"date":"2021-04-05T17:03:33","date_gmt":"2021-04-05T15:03:33","guid":{"rendered":"https:\/\/zpowrotem.pl\/?p=488"},"modified":"2021-04-05T17:23:58","modified_gmt":"2021-04-05T15:23:58","slug":"solidarni","status":"publish","type":"post","link":"https:\/\/zpowrotem.pl\/index.php\/2021\/04\/05\/solidarni\/","title":{"rendered":"Solidarni"},"content":{"rendered":"<p><strong>Pracuj\u0119 z dzie\u0107mi z autyzmem. <\/strong><\/p>\n<p>S\u0105 w\u015br\u00f3d nich dzieci z Zespo\u0142em Aspergera. Wiele jest bardzo inteligentnych, bystrych, uzdolnionych j\u0119zykowo. S\u0105 te\u017c dzieci jakby zupe\u0142nie zamkni\u0119te w swoim \u015bwiecie, takie, z kt\u00f3rymi kontakt i komunikacja werbalna s\u0105 nieco\/du\u017co trudniejsze.<\/p>\n<p><strong>Ostatnio rozmawia\u0142am z jedn\u0105 osob\u0105 i&#8230;<\/strong><\/p>\n<p>Ona m\u00f3wi, \u017ce podziwia tych, kt\u00f3rzy pracuj\u0105 z dzie\u0107mi z autyzmem. \u017be ona by nie potrafi\u0142a, nie wiedzia\u0142a, jak to robi\u0107, od czego zacz\u0105\u0107&#8230;<\/p>\n<p>A ja jej na to, \u017ce to w nas s\u0105 ograniczenia, kt\u00f3re nas blokuj\u0105 i sprawiaj\u0105, \u017ce mamy takie my\u015bli, a nie w dziecku. \u017be dopiero wtedy, gdy przyjmiemy, \u017ce ono takie jest i ju\u017c, wszystko wskakuje na w\u0142a\u015bciwe tory. Zachowujemy si\u0119 normalnie i jeste\u015bmy sob\u0105, podobnie jak przy innych dzieciach. Nie tracimy w\u00f3wczas energii na wysi\u0142ek, kt\u00f3ry nic nie daje, a jedynie nas spala. Nie pracujemy lepiej dzi\u0119ki temu, \u017ce przeczytamy milion ksi\u0105\u017cek, cho\u0107 oczywi\u015bcie wiedza niew\u0105tpliwie si\u0119 przydaje. Ale du\u017co wa\u017cniejsza jest nasza uwa\u017cno\u015b\u0107 i otwarto\u015b\u0107 na dziecko, na jego potrzeby. Ws\u0142uchanie si\u0119 w to, co do nas m\u00f3wi, nawet je\u015bli robi to niebyt cz\u0119sto i w ograniczony spos\u00f3b.<\/p>\n<p>Z niekt\u00f3rymi pracuje nam si\u0119 \u0142atwiej, z innymi idzie to trudniej, podobnie jak z innymi dzie\u0107mi.<\/p>\n<p>Najwa\u017cniejsze jest jednak to, by si\u0119 nie zniech\u0119ca\u0107 i by\u0107 naturalnym w kontakcie. Bez wzgl\u0119du na to, kto jest naszym obiorc\u0105.<\/p>\n<p><img loading=\"lazy\" decoding=\"async\" class=\"alignnone size-medium wp-image-491\" src=\"https:\/\/zpowrotem.pl\/wp-content\/uploads\/2021\/04\/167937760_507660597309232_48581194937844745_n-223x300.jpg\" alt=\"\" width=\"223\" height=\"300\" srcset=\"https:\/\/zpowrotem.pl\/wp-content\/uploads\/2021\/04\/167937760_507660597309232_48581194937844745_n-223x300.jpg 223w, https:\/\/zpowrotem.pl\/wp-content\/uploads\/2021\/04\/167937760_507660597309232_48581194937844745_n-762x1024.jpg 762w, https:\/\/zpowrotem.pl\/wp-content\/uploads\/2021\/04\/167937760_507660597309232_48581194937844745_n-768x1032.jpg 768w, https:\/\/zpowrotem.pl\/wp-content\/uploads\/2021\/04\/167937760_507660597309232_48581194937844745_n-1143x1536.jpg 1143w, https:\/\/zpowrotem.pl\/wp-content\/uploads\/2021\/04\/167937760_507660597309232_48581194937844745_n-600x806.jpg 600w, https:\/\/zpowrotem.pl\/wp-content\/uploads\/2021\/04\/167937760_507660597309232_48581194937844745_n-945x1270.jpg 945w, https:\/\/zpowrotem.pl\/wp-content\/uploads\/2021\/04\/167937760_507660597309232_48581194937844745_n.jpg 1152w\" sizes=\"auto, (max-width: 223px) 100vw, 223px\" \/><\/p>\n","protected":false},"excerpt":{"rendered":"<p>Pracuj\u0119 z dzie\u0107mi z autyzmem. S\u0105 w\u015br\u00f3d nich dzieci z Zespo\u0142em Aspergera. Wiele jest bardzo inteligentnych, bystrych, uzdolnionych j\u0119zykowo. S\u0105 te\u017c dzieci jakby zupe\u0142nie zamkni\u0119te w swoim \u015bwiecie, takie, z kt\u00f3rymi kontakt i komunikacja werbalna s\u0105 nieco\/du\u017co trudniejsze. Ostatnio rozmawia\u0142am&#8230; <a class=\"more-link\" href=\"https:\/\/zpowrotem.pl\/index.php\/2021\/04\/05\/solidarni\/\">Czytaj dalej &rarr;<\/a><\/p>\n","protected":false},"author":1,"featured_media":490,"comment_status":"open","ping_status":"open","sticky":false,"template":"","format":"standard","meta":{"footnotes":""},"categories":[1],"tags":[133,131,132],"class_list":["post-488","post","type-post","status-publish","format-standard","has-post-thumbnail","hentry","category-wpis123","tag-jestesmy-rozni","tag-swiatowy-dzien-swiadomosci-autyzmu","tag-zaswiec-na-niebiesko"],"yoast_head":"<!-- This site is optimized with the Yoast SEO plugin v27.5 - https:\/\/yoast.com\/product\/yoast-seo-wordpress\/ -->\n<title>Solidarni - zpowrotem.pl<\/title>\n<meta name=\"robots\" content=\"index, follow, max-snippet:-1, max-image-preview:large, max-video-preview:-1\" \/>\n<link rel=\"canonical\" href=\"https:\/\/zpowrotem.pl\/index.php\/2021\/04\/05\/solidarni\/\" \/>\n<meta property=\"og:locale\" content=\"pl_PL\" \/>\n<meta property=\"og:type\" content=\"article\" \/>\n<meta property=\"og:title\" content=\"Solidarni - zpowrotem.pl\" \/>\n<meta property=\"og:description\" content=\"Pracuj\u0119 z dzie\u0107mi z autyzmem. S\u0105 w\u015br\u00f3d nich dzieci z Zespo\u0142em Aspergera. Wiele jest bardzo inteligentnych, bystrych, uzdolnionych j\u0119zykowo. S\u0105 te\u017c dzieci jakby zupe\u0142nie zamkni\u0119te w swoim \u015bwiecie, takie, z kt\u00f3rymi kontakt i komunikacja werbalna s\u0105 nieco\/du\u017co trudniejsze. Ostatnio rozmawia\u0142am... Czytaj dalej &rarr;\" \/>\n<meta property=\"og:url\" content=\"https:\/\/zpowrotem.pl\/index.php\/2021\/04\/05\/solidarni\/\" \/>\n<meta property=\"og:site_name\" content=\"zpowrotem.pl\" \/>\n<meta property=\"article:publisher\" content=\"https:\/\/www.facebook.com\/zpowrotempl\/\" \/>\n<meta property=\"article:published_time\" content=\"2021-04-05T15:03:33+00:00\" \/>\n<meta property=\"article:modified_time\" content=\"2021-04-05T15:23:58+00:00\" \/>\n<meta name=\"author\" content=\"Aleksandra Karczmar\" \/>\n<meta name=\"twitter:card\" content=\"summary_large_image\" \/>\n<meta name=\"twitter:label1\" content=\"Napisane przez\" \/>\n\t<meta name=\"twitter:data1\" content=\"Aleksandra Karczmar\" \/>\n\t<meta name=\"twitter:label2\" content=\"Szacowany czas czytania\" \/>\n\t<meta name=\"twitter:data2\" content=\"2 minuty\" \/>\n<script type=\"application\/ld+json\" class=\"yoast-schema-graph\">{\"@context\":\"https:\\\/\\\/schema.org\",\"@graph\":[{\"@type\":\"Article\",\"@id\":\"https:\\\/\\\/zpowrotem.pl\\\/index.php\\\/2021\\\/04\\\/05\\\/solidarni\\\/#article\",\"isPartOf\":{\"@id\":\"https:\\\/\\\/zpowrotem.pl\\\/index.php\\\/2021\\\/04\\\/05\\\/solidarni\\\/\"},\"author\":{\"name\":\"Aleksandra Karczmar\",\"@id\":\"https:\\\/\\\/zpowrotem.pl\\\/#\\\/schema\\\/person\\\/ca3d0bc1b57776e9da87e4273b3c96e1\"},\"headline\":\"Solidarni\",\"datePublished\":\"2021-04-05T15:03:33+00:00\",\"dateModified\":\"2021-04-05T15:23:58+00:00\",\"mainEntityOfPage\":{\"@id\":\"https:\\\/\\\/zpowrotem.pl\\\/index.php\\\/2021\\\/04\\\/05\\\/solidarni\\\/\"},\"wordCount\":258,\"commentCount\":0,\"image\":{\"@id\":\"https:\\\/\\\/zpowrotem.pl\\\/index.php\\\/2021\\\/04\\\/05\\\/solidarni\\\/#primaryimage\"},\"thumbnailUrl\":\"https:\\\/\\\/zpowrotem.pl\\\/wp-content\\\/uploads\\\/2021\\\/04\\\/RAZEM-DLA-AUTYZMU-1-pdf.jpg\",\"keywords\":[\"jeste\u015bmy r\u00f3\u017cni\",\"\u015awiatowy Dzie\u0144 \u015awiadomo\u015bci Autyzmu\",\"za\u015bwie\u0107 na niebiesko\"],\"articleSection\":[\"Wpis\"],\"inLanguage\":\"pl-PL\",\"potentialAction\":[{\"@type\":\"CommentAction\",\"name\":\"Comment\",\"target\":[\"https:\\\/\\\/zpowrotem.pl\\\/index.php\\\/2021\\\/04\\\/05\\\/solidarni\\\/#respond\"]}]},{\"@type\":\"WebPage\",\"@id\":\"https:\\\/\\\/zpowrotem.pl\\\/index.php\\\/2021\\\/04\\\/05\\\/solidarni\\\/\",\"url\":\"https:\\\/\\\/zpowrotem.pl\\\/index.php\\\/2021\\\/04\\\/05\\\/solidarni\\\/\",\"name\":\"Solidarni - zpowrotem.pl\",\"isPartOf\":{\"@id\":\"https:\\\/\\\/zpowrotem.pl\\\/#website\"},\"primaryImageOfPage\":{\"@id\":\"https:\\\/\\\/zpowrotem.pl\\\/index.php\\\/2021\\\/04\\\/05\\\/solidarni\\\/#primaryimage\"},\"image\":{\"@id\":\"https:\\\/\\\/zpowrotem.pl\\\/index.php\\\/2021\\\/04\\\/05\\\/solidarni\\\/#primaryimage\"},\"thumbnailUrl\":\"https:\\\/\\\/zpowrotem.pl\\\/wp-content\\\/uploads\\\/2021\\\/04\\\/RAZEM-DLA-AUTYZMU-1-pdf.jpg\",\"datePublished\":\"2021-04-05T15:03:33+00:00\",\"dateModified\":\"2021-04-05T15:23:58+00:00\",\"author\":{\"@id\":\"https:\\\/\\\/zpowrotem.pl\\\/#\\\/schema\\\/person\\\/ca3d0bc1b57776e9da87e4273b3c96e1\"},\"breadcrumb\":{\"@id\":\"https:\\\/\\\/zpowrotem.pl\\\/index.php\\\/2021\\\/04\\\/05\\\/solidarni\\\/#breadcrumb\"},\"inLanguage\":\"pl-PL\",\"potentialAction\":[{\"@type\":\"ReadAction\",\"target\":[\"https:\\\/\\\/zpowrotem.pl\\\/index.php\\\/2021\\\/04\\\/05\\\/solidarni\\\/\"]}]},{\"@type\":\"ImageObject\",\"inLanguage\":\"pl-PL\",\"@id\":\"https:\\\/\\\/zpowrotem.pl\\\/index.php\\\/2021\\\/04\\\/05\\\/solidarni\\\/#primaryimage\",\"url\":\"https:\\\/\\\/zpowrotem.pl\\\/wp-content\\\/uploads\\\/2021\\\/04\\\/RAZEM-DLA-AUTYZMU-1-pdf.jpg\",\"contentUrl\":\"https:\\\/\\\/zpowrotem.pl\\\/wp-content\\\/uploads\\\/2021\\\/04\\\/RAZEM-DLA-AUTYZMU-1-pdf.jpg\"},{\"@type\":\"BreadcrumbList\",\"@id\":\"https:\\\/\\\/zpowrotem.pl\\\/index.php\\\/2021\\\/04\\\/05\\\/solidarni\\\/#breadcrumb\",\"itemListElement\":[{\"@type\":\"ListItem\",\"position\":1,\"name\":\"Strona g\u0142\u00f3wna\",\"item\":\"https:\\\/\\\/zpowrotem.pl\\\/\"},{\"@type\":\"ListItem\",\"position\":2,\"name\":\"Solidarni\"}]},{\"@type\":\"WebSite\",\"@id\":\"https:\\\/\\\/zpowrotem.pl\\\/#website\",\"url\":\"https:\\\/\\\/zpowrotem.pl\\\/\",\"name\":\"zpowrotem.pl\",\"description\":\"psycholog pisze blog\",\"potentialAction\":[{\"@type\":\"SearchAction\",\"target\":{\"@type\":\"EntryPoint\",\"urlTemplate\":\"https:\\\/\\\/zpowrotem.pl\\\/?s={search_term_string}\"},\"query-input\":{\"@type\":\"PropertyValueSpecification\",\"valueRequired\":true,\"valueName\":\"search_term_string\"}}],\"inLanguage\":\"pl-PL\"},{\"@type\":\"Person\",\"@id\":\"https:\\\/\\\/zpowrotem.pl\\\/#\\\/schema\\\/person\\\/ca3d0bc1b57776e9da87e4273b3c96e1\",\"name\":\"Aleksandra Karczmar\",\"image\":{\"@type\":\"ImageObject\",\"inLanguage\":\"pl-PL\",\"@id\":\"https:\\\/\\\/secure.gravatar.com\\\/avatar\\\/be8eea0d93e3157f58a46250feb1efd9d6cd1a5c2f34315222fae668de4eb6e6?s=96&d=mm&r=g\",\"url\":\"https:\\\/\\\/secure.gravatar.com\\\/avatar\\\/be8eea0d93e3157f58a46250feb1efd9d6cd1a5c2f34315222fae668de4eb6e6?s=96&d=mm&r=g\",\"contentUrl\":\"https:\\\/\\\/secure.gravatar.com\\\/avatar\\\/be8eea0d93e3157f58a46250feb1efd9d6cd1a5c2f34315222fae668de4eb6e6?s=96&d=mm&r=g\",\"caption\":\"Aleksandra Karczmar\"},\"url\":\"https:\\\/\\\/zpowrotem.pl\\\/index.php\\\/author\\\/admin3156\\\/\"}]}<\/script>\n<!-- \/ Yoast SEO plugin. -->","yoast_head_json":{"title":"Solidarni - zpowrotem.pl","robots":{"index":"index","follow":"follow","max-snippet":"max-snippet:-1","max-image-preview":"max-image-preview:large","max-video-preview":"max-video-preview:-1"},"canonical":"https:\/\/zpowrotem.pl\/index.php\/2021\/04\/05\/solidarni\/","og_locale":"pl_PL","og_type":"article","og_title":"Solidarni - zpowrotem.pl","og_description":"Pracuj\u0119 z dzie\u0107mi z autyzmem. S\u0105 w\u015br\u00f3d nich dzieci z Zespo\u0142em Aspergera. Wiele jest bardzo inteligentnych, bystrych, uzdolnionych j\u0119zykowo. S\u0105 te\u017c dzieci jakby zupe\u0142nie zamkni\u0119te w swoim \u015bwiecie, takie, z kt\u00f3rymi kontakt i komunikacja werbalna s\u0105 nieco\/du\u017co trudniejsze. Ostatnio rozmawia\u0142am... Czytaj dalej &rarr;","og_url":"https:\/\/zpowrotem.pl\/index.php\/2021\/04\/05\/solidarni\/","og_site_name":"zpowrotem.pl","article_publisher":"https:\/\/www.facebook.com\/zpowrotempl\/","article_published_time":"2021-04-05T15:03:33+00:00","article_modified_time":"2021-04-05T15:23:58+00:00","author":"Aleksandra Karczmar","twitter_card":"summary_large_image","twitter_misc":{"Napisane przez":"Aleksandra Karczmar","Szacowany czas czytania":"2 minuty"},"schema":{"@context":"https:\/\/schema.org","@graph":[{"@type":"Article","@id":"https:\/\/zpowrotem.pl\/index.php\/2021\/04\/05\/solidarni\/#article","isPartOf":{"@id":"https:\/\/zpowrotem.pl\/index.php\/2021\/04\/05\/solidarni\/"},"author":{"name":"Aleksandra Karczmar","@id":"https:\/\/zpowrotem.pl\/#\/schema\/person\/ca3d0bc1b57776e9da87e4273b3c96e1"},"headline":"Solidarni","datePublished":"2021-04-05T15:03:33+00:00","dateModified":"2021-04-05T15:23:58+00:00","mainEntityOfPage":{"@id":"https:\/\/zpowrotem.pl\/index.php\/2021\/04\/05\/solidarni\/"},"wordCount":258,"commentCount":0,"image":{"@id":"https:\/\/zpowrotem.pl\/index.php\/2021\/04\/05\/solidarni\/#primaryimage"},"thumbnailUrl":"https:\/\/zpowrotem.pl\/wp-content\/uploads\/2021\/04\/RAZEM-DLA-AUTYZMU-1-pdf.jpg","keywords":["jeste\u015bmy r\u00f3\u017cni","\u015awiatowy Dzie\u0144 \u015awiadomo\u015bci Autyzmu","za\u015bwie\u0107 na niebiesko"],"articleSection":["Wpis"],"inLanguage":"pl-PL","potentialAction":[{"@type":"CommentAction","name":"Comment","target":["https:\/\/zpowrotem.pl\/index.php\/2021\/04\/05\/solidarni\/#respond"]}]},{"@type":"WebPage","@id":"https:\/\/zpowrotem.pl\/index.php\/2021\/04\/05\/solidarni\/","url":"https:\/\/zpowrotem.pl\/index.php\/2021\/04\/05\/solidarni\/","name":"Solidarni - zpowrotem.pl","isPartOf":{"@id":"https:\/\/zpowrotem.pl\/#website"},"primaryImageOfPage":{"@id":"https:\/\/zpowrotem.pl\/index.php\/2021\/04\/05\/solidarni\/#primaryimage"},"image":{"@id":"https:\/\/zpowrotem.pl\/index.php\/2021\/04\/05\/solidarni\/#primaryimage"},"thumbnailUrl":"https:\/\/zpowrotem.pl\/wp-content\/uploads\/2021\/04\/RAZEM-DLA-AUTYZMU-1-pdf.jpg","datePublished":"2021-04-05T15:03:33+00:00","dateModified":"2021-04-05T15:23:58+00:00","author":{"@id":"https:\/\/zpowrotem.pl\/#\/schema\/person\/ca3d0bc1b57776e9da87e4273b3c96e1"},"breadcrumb":{"@id":"https:\/\/zpowrotem.pl\/index.php\/2021\/04\/05\/solidarni\/#breadcrumb"},"inLanguage":"pl-PL","potentialAction":[{"@type":"ReadAction","target":["https:\/\/zpowrotem.pl\/index.php\/2021\/04\/05\/solidarni\/"]}]},{"@type":"ImageObject","inLanguage":"pl-PL","@id":"https:\/\/zpowrotem.pl\/index.php\/2021\/04\/05\/solidarni\/#primaryimage","url":"https:\/\/zpowrotem.pl\/wp-content\/uploads\/2021\/04\/RAZEM-DLA-AUTYZMU-1-pdf.jpg","contentUrl":"https:\/\/zpowrotem.pl\/wp-content\/uploads\/2021\/04\/RAZEM-DLA-AUTYZMU-1-pdf.jpg"},{"@type":"BreadcrumbList","@id":"https:\/\/zpowrotem.pl\/index.php\/2021\/04\/05\/solidarni\/#breadcrumb","itemListElement":[{"@type":"ListItem","position":1,"name":"Strona g\u0142\u00f3wna","item":"https:\/\/zpowrotem.pl\/"},{"@type":"ListItem","position":2,"name":"Solidarni"}]},{"@type":"WebSite","@id":"https:\/\/zpowrotem.pl\/#website","url":"https:\/\/zpowrotem.pl\/","name":"zpowrotem.pl","description":"psycholog pisze blog","potentialAction":[{"@type":"SearchAction","target":{"@type":"EntryPoint","urlTemplate":"https:\/\/zpowrotem.pl\/?s={search_term_string}"},"query-input":{"@type":"PropertyValueSpecification","valueRequired":true,"valueName":"search_term_string"}}],"inLanguage":"pl-PL"},{"@type":"Person","@id":"https:\/\/zpowrotem.pl\/#\/schema\/person\/ca3d0bc1b57776e9da87e4273b3c96e1","name":"Aleksandra Karczmar","image":{"@type":"ImageObject","inLanguage":"pl-PL","@id":"https:\/\/secure.gravatar.com\/avatar\/be8eea0d93e3157f58a46250feb1efd9d6cd1a5c2f34315222fae668de4eb6e6?s=96&d=mm&r=g","url":"https:\/\/secure.gravatar.com\/avatar\/be8eea0d93e3157f58a46250feb1efd9d6cd1a5c2f34315222fae668de4eb6e6?s=96&d=mm&r=g","contentUrl":"https:\/\/secure.gravatar.com\/avatar\/be8eea0d93e3157f58a46250feb1efd9d6cd1a5c2f34315222fae668de4eb6e6?s=96&d=mm&r=g","caption":"Aleksandra Karczmar"},"url":"https:\/\/zpowrotem.pl\/index.php\/author\/admin3156\/"}]}},"_links":{"self":[{"href":"https:\/\/zpowrotem.pl\/index.php\/wp-json\/wp\/v2\/posts\/488","targetHints":{"allow":["GET"]}}],"collection":[{"href":"https:\/\/zpowrotem.pl\/index.php\/wp-json\/wp\/v2\/posts"}],"about":[{"href":"https:\/\/zpowrotem.pl\/index.php\/wp-json\/wp\/v2\/types\/post"}],"author":[{"embeddable":true,"href":"https:\/\/zpowrotem.pl\/index.php\/wp-json\/wp\/v2\/users\/1"}],"replies":[{"embeddable":true,"href":"https:\/\/zpowrotem.pl\/index.php\/wp-json\/wp\/v2\/comments?post=488"}],"version-history":[{"count":2,"href":"https:\/\/zpowrotem.pl\/index.php\/wp-json\/wp\/v2\/posts\/488\/revisions"}],"predecessor-version":[{"id":493,"href":"https:\/\/zpowrotem.pl\/index.php\/wp-json\/wp\/v2\/posts\/488\/revisions\/493"}],"wp:featuredmedia":[{"embeddable":true,"href":"https:\/\/zpowrotem.pl\/index.php\/wp-json\/wp\/v2\/media\/490"}],"wp:attachment":[{"href":"https:\/\/zpowrotem.pl\/index.php\/wp-json\/wp\/v2\/media?parent=488"}],"wp:term":[{"taxonomy":"category","embeddable":true,"href":"https:\/\/zpowrotem.pl\/index.php\/wp-json\/wp\/v2\/categories?post=488"},{"taxonomy":"post_tag","embeddable":true,"href":"https:\/\/zpowrotem.pl\/index.php\/wp-json\/wp\/v2\/tags?post=488"}],"curies":[{"name":"wp","href":"https:\/\/api.w.org\/{rel}","templated":true}]}}