{"id":534,"date":"2021-08-10T11:03:11","date_gmt":"2021-08-10T09:03:11","guid":{"rendered":"https:\/\/zpowrotem.pl\/?p=534"},"modified":"2021-08-10T11:18:23","modified_gmt":"2021-08-10T09:18:23","slug":"pamiatki-z-wakacji","status":"publish","type":"post","link":"https:\/\/zpowrotem.pl\/index.php\/2021\/08\/10\/pamiatki-z-wakacji\/","title":{"rendered":"Pami\u0105tki z wakacji"},"content":{"rendered":"<p align=\"justify\"><strong>W\u0142a\u015bnie wr\u00f3ci\u0142e\u015b z wakacji.<\/strong><\/p>\n<p align=\"justify\">Ciskasz na pod\u0142og\u0119 baga\u017ce i je\u015bli nie masz szcz\u0119\u015bcia, kolejnego dnia p\u0119dzisz do pracy. Zdecydowanie lepiej, je\u017celi mo\u017cesz pozwoli\u0107 sobie na oddech i luksus rozpakowania walizek. A tam znale\u017a\u0107 mo\u017cesz przer\u00f3\u017cne skarby, kt\u00f3re zdecydowa\u0142e\u015b si\u0119 naby\u0107 na wakacjach za mniej lub wi\u0119cej z\u0142otych.<\/p>\n<p align=\"justify\"><strong>Pami\u0105tki. No w\u0142a\u015bnie. Po co nam one?<\/strong><\/p>\n<p align=\"justify\">Po co kupujemy je i przywozimy z wakacji? Ostatnio przeczyta\u0142am po raz kolejny o tym, \u017ce magnesy, kt\u00f3re nabywamy przekonani, \u017ce s\u0105 one cz\u0105stk\u0105 magicznego miejsca, w kt\u00f3rym wypoczywali\u015bmy, powstaj\u0105 wszystkie (lub prawie) w Chinach. Nie ma w nich ani kropli esencji miejsca, kt\u00f3re pragniesz zachowa\u0107 w pami\u0119ci.<\/p>\n<p align=\"justify\"><strong>Czar wspomnie\u0144<\/strong><\/p>\n<p align=\"justify\">Chyba w\u0142a\u015bnie o to chodzi, \u017ceby zatrzyma\u0107 magi\u0119 lata i mie\u0107 j\u0105 w zasi\u0119gu r\u0119ki. Wierz\u0119 w to, \u017ce kiedy patrzysz na ten tandetny magnes lub jaki\u015b nieco bardziej warto\u015bciowy eksponat, mo\u017cesz wr\u00f3ci\u0107 to tych cudownych chwil i cho\u0107 przez chwil\u0119 poczu\u0107 si\u0119 zn\u00f3w jak na wakacjach. Tylko ci\u0105g\u0142e wycieranie \u015bciereczk\u0105 i uk\u0142adanie na p\u00f3\u0142kach kolejnych badziewi mo\u017ce przyprawia\u0107 tak\u017ce o nieprzyjemny zawr\u00f3t g\u0142owy.<\/p>\n<p align=\"justify\"><strong>Mniej znaczy wi\u0119cej czyli minimalizm w natarciu<\/strong><\/p>\n<p align=\"justify\">Filozofia minimalizmu rozgo\u015bci\u0142a si\u0119 na dobre w internecie i nie tylko. Samozwa\u0144czy eksperci przekonuj\u0105 nas na ka\u017cdym kroku, do ilu sztuk powinni\u015bmy ograniczy\u0107 swoj\u0105 garderob\u0119, a w dalszej kolejno\u015bci \u2013 ca\u0142\u0105 przestrze\u0144 dooko\u0142a siebie. Ile mebli i sprz\u0119t\u00f3w jest niezb\u0119dnych do (prze)\u017cycia? Podejmij wyzwanie i\u2026 Nikt tego nie pisze, ale wielu \u201eminimalist\u00f3w\u201d wywala dos\u0142ownie wszystko, po czym urz\u0105dza mieszkanie i szaf\u0119 na nowo\u2026 oczywi\u015bcie zgodnie z najnowszymi trendami mody. Tylko o tym ciiii\u2026. Bo to ju\u017c nie pasuje do stylu minimalisty.<\/p>\n<p align=\"justify\"><strong>Ciupaga nie nad\u0105\u017ca za post\u0119pem.<\/strong><\/p>\n<p align=\"justify\">Je\u015bli zbierasz swoje pami\u0105tki przez lata, s\u0105 w\u015br\u00f3d nich rzeczy warto\u015bciowe i takie mniej. Na niekt\u00f3re patrzy si\u0119 przyjemnie pomimo up\u0142ywu lat, inne jedynie pokrywa coraz wi\u0119ksza warstwa kurzu i\u2026 za\u017cenowania, \u017ce zdecydowa\u0142e\u015b si\u0119 kupi\u0107 co\u015b takiego! A jednak to zrobi\u0142e\u015b. Co dalej?<\/p>\n<p align=\"justify\"><strong>Wyrzuci\u0107? Zapomnie\u0107? Nie!<\/strong><\/p>\n<p align=\"justify\">Mo\u017ce czas na to, \u017ceby przejrze\u0107 wszystkie swoje skarby i zaprowadzi\u0107 w nich porz\u0105dek. Pozby\u0107 si\u0119 tego, czego przetrzymywanie latami na p\u00f3lkach \u015bciska nam wn\u0119trzno\u015bci do cna, a dla fajnych rzeczy znale\u017a\u0107 jakie\u015b sta\u0142e miejsce. Macie takie rzeczy? U mnie to stary jak \u015bwiat malutki Wiking, kt\u00f3ry stoi na g\u00f3rnej p\u00f3\u0142ce u syna. Przyjecha\u0142 z Anglii, kiedy by\u0142am pi\u0119kna i m\u0142oda. Jest te\u017c muszla prosto z Chorwacji, kt\u00f3ra le\u017cy na regale w du\u017cym pokoju\u2026 Oraz pi\u0119kny anio\u0142ek z napisem Gda\u0144sk kupiony ko\u0142o Katedry Oliwskiej w Gdyni.<\/p>\n<p align=\"justify\"><img loading=\"lazy\" decoding=\"async\" class=\"alignnone size-medium wp-image-539\" src=\"https:\/\/zpowrotem.pl\/wp-content\/uploads\/2021\/08\/IMG20210810110540-225x300.jpg\" alt=\"\" width=\"225\" height=\"300\" srcset=\"https:\/\/zpowrotem.pl\/wp-content\/uploads\/2021\/08\/IMG20210810110540-225x300.jpg 225w, https:\/\/zpowrotem.pl\/wp-content\/uploads\/2021\/08\/IMG20210810110540-768x1024.jpg 768w, https:\/\/zpowrotem.pl\/wp-content\/uploads\/2021\/08\/IMG20210810110540-1152x1536.jpg 1152w, https:\/\/zpowrotem.pl\/wp-content\/uploads\/2021\/08\/IMG20210810110540-1536x2048.jpg 1536w, https:\/\/zpowrotem.pl\/wp-content\/uploads\/2021\/08\/IMG20210810110540-600x800.jpg 600w, https:\/\/zpowrotem.pl\/wp-content\/uploads\/2021\/08\/IMG20210810110540-945x1260.jpg 945w, https:\/\/zpowrotem.pl\/wp-content\/uploads\/2021\/08\/IMG20210810110540-scaled.jpg 1920w\" sizes=\"auto, (max-width: 225px) 100vw, 225px\" \/><\/p>\n<p align=\"justify\"><strong>Co warto zachowa\u0107?<\/strong><\/p>\n<p align=\"justify\">To oczywi\u015bcie sprawa indywidualna, ale polecam wszystko to, co mo\u017cna w jaki\u015b spos\u00f3b wytrze\u0107 mokr\u0105 \u015bciereczk\u0105 i tym samym utrzyma\u0107 w czysto\u015bci. Bibeloty, kt\u00f3re \u0142atwo pokrywaj\u0105 si\u0119 kurzem i nie mo\u017cna ich umy\u0107 \u2013 odpadaj\u0105. Wyj\u0105tek stanowi\u0105 dla mnie ksi\u0105\u017cki. Te zawsze warto kupi\u0107. Pami\u0119taj o tym, \u017ceby w \u015brodku dopisa\u0107 dat\u0119 i miejsce, w kt\u00f3rym ksi\u0105\u017cka zosta\u0142a zakupiona.<\/p>\n<p align=\"justify\"><strong>Wieczna pami\u0119\u0107<\/strong><\/p>\n<p align=\"justify\">W tym roku odwiedzili\u015bmy O\u015bwi\u0119cim. \u201eDzieci\u0144stwo w pasiakach\u201d to moja pami\u0105tka z tego miejsca. Je\u015bli my\u015blisz o tym, \u017ce masz czego\u015b za ma\u0142o, si\u0119gnij po ni\u0105 i przekonaj si\u0119, jak wygl\u0105da\u0142y losy naszych dziadk\u00f3w. Oni nie musieli ugania\u0107 si\u0119 za mod\u0105 i wprowadza\u0107 minimalizmu w swoje \u017cycie. W ich dzieci\u0119cym \u017cyciu brakowa\u0142o dos\u0142ownie wszystkiego \u2013 jedzenia, wody, ciep\u0142ych ubra\u0144, snu, poczucia bezpiecze\u0144stwa i blisko\u015bci rodzic\u00f3w. Strach i okrucie\u0144stwo to jedyne co by\u0142o w nadmiarze.<\/p>\n<p align=\"justify\"><img loading=\"lazy\" decoding=\"async\" class=\"alignnone size-full wp-image-537\" src=\"https:\/\/zpowrotem.pl\/wp-content\/uploads\/2021\/08\/dziecinstwo-w-pasiakach-w-iext55232651.jpg\" alt=\"\" width=\"200\" height=\"280\" \/><\/p>\n<p align=\"justify\"><img loading=\"lazy\" decoding=\"async\" class=\"alignnone size-medium wp-image-536\" src=\"https:\/\/zpowrotem.pl\/wp-content\/uploads\/2021\/08\/562858-352x500-1-211x300.jpg\" alt=\"\" width=\"211\" height=\"300\" srcset=\"https:\/\/zpowrotem.pl\/wp-content\/uploads\/2021\/08\/562858-352x500-1-211x300.jpg 211w, https:\/\/zpowrotem.pl\/wp-content\/uploads\/2021\/08\/562858-352x500-1.jpg 352w\" sizes=\"auto, (max-width: 211px) 100vw, 211px\" \/><\/p>\n<p align=\"justify\"><strong>Brawa dla cudownych przewodnik\u00f3w<\/strong><\/p>\n<p align=\"justify\">Zwiedzali\u015bmy te\u017c Kopalni\u0119 Soli w Wieliczce i Zamek w Malborku. Wsz\u0119dzie natrafili\u015bmy na cudownych przewodnik\u00f3w, kt\u00f3rzy z pasj\u0105 wykonuj\u0105 swoj\u0105 prac\u0119. Czasami w upale, w trudnych warunkach, m\u00f3wi\u0105c co\u015b po tysi\u0119czny raz, staraj\u0105 si\u0119 dotrze\u0107 jak najpe\u0142niej do zwiedzaj\u0105cych. Pomy\u015bl o tym, czy Ty te\u017c z pasj\u0105 wykonujesz swoj\u0105 prac\u0119?<\/p>\n<p align=\"justify\"><strong>Magia u\u015bmiechu<\/strong><\/p>\n<p align=\"justify\">Ja ju\u017c nied\u0142ugo wr\u00f3c\u0119 do swoich uczni\u00f3w. Powitam u\u015bmiechem dzieci przedszkolne i te nieco starsze. Zapytam, co u nich, zagram z nimi w gr\u0119 planszow\u0105. Ostatnio jedna dziewczynka patrz\u0105c na mnie ukradkiem zapyta\u0142a mam\u0119 w przedszkolu szeptem: \u201eMamo, czy ta Pani u nas pracuje?\u201d Mama by\u0142a zupe\u0142nie zaskoczona, nie zna\u0142a mnie bowiem. A dziewczynka zapami\u0119ta\u0142a mnie, chocia\u017c nie widzia\u0142y\u015bmy si\u0119 ju\u017c od ponad miesi\u0105ca. Jednak zawsze kiedy przychodz\u0119 do jej grupy, pami\u0119tam o u\u015bmiechu. Wiele os\u00f3b o nim zapomina.<\/p>\n<p align=\"justify\"><strong>To co w \u017cyciu wa\u017cne<\/strong><\/p>\n<p align=\"justify\">Nie daj sobie wm\u00f3wi\u0107, \u017ce wa\u017cne jest posiadanie tylko 100 rzeczy lub ubra\u0144 i \u017ce powiniene\u015b do tego d\u0105\u017cy\u0107, stawia\u0107 sobie takie ambitne (?) cele. \u017byj i mieszkaj tak jak chcesz, po swojemu. B\u0105d\u017a jednak \u015bwiadomym konsumentem, kt\u00f3ry nie kupuje wszystkiego tylko dlatego, \u017ce mo\u017cna, a wybiera to, co pomo\u017ce mu zachowa\u0107 w pami\u0119ci mi\u0142e chwile. Wtedy \u0142atwiej jest si\u0119 u\u015bmiecha\u0107, cho\u0107by do swoich wspomnie\u0144\u2026<\/p>\n","protected":false},"excerpt":{"rendered":"<p>W\u0142a\u015bnie wr\u00f3ci\u0142e\u015b z wakacji. Ciskasz na pod\u0142og\u0119 baga\u017ce i je\u015bli nie masz szcz\u0119\u015bcia, kolejnego dnia p\u0119dzisz do pracy. Zdecydowanie lepiej, je\u017celi mo\u017cesz pozwoli\u0107 sobie na oddech i luksus rozpakowania walizek. A tam znale\u017a\u0107 mo\u017cesz przer\u00f3\u017cne skarby, kt\u00f3re zdecydowa\u0142e\u015b si\u0119 naby\u0107&#8230; <a class=\"more-link\" href=\"https:\/\/zpowrotem.pl\/index.php\/2021\/08\/10\/pamiatki-z-wakacji\/\">Czytaj dalej &rarr;<\/a><\/p>\n","protected":false},"author":1,"featured_media":535,"comment_status":"open","ping_status":"open","sticky":false,"template":"","format":"standard","meta":{"footnotes":""},"categories":[1],"tags":[155,153,151,150,154,149,152],"class_list":["post-534","post","type-post","status-publish","format-standard","has-post-thumbnail","hentry","category-wpis123","tag-krakow","tag-malbork","tag-oswiecim","tag-pamiatki","tag-sopot","tag-wakacje","tag-wieliczka"],"yoast_head":"<!-- This site is optimized with the Yoast SEO plugin v27.5 - https:\/\/yoast.com\/product\/yoast-seo-wordpress\/ -->\n<title>Pami\u0105tki z wakacji - zpowrotem.pl<\/title>\n<meta name=\"robots\" content=\"index, follow, max-snippet:-1, max-image-preview:large, max-video-preview:-1\" \/>\n<link rel=\"canonical\" href=\"https:\/\/zpowrotem.pl\/index.php\/2021\/08\/10\/pamiatki-z-wakacji\/\" \/>\n<meta property=\"og:locale\" content=\"pl_PL\" \/>\n<meta property=\"og:type\" content=\"article\" \/>\n<meta property=\"og:title\" content=\"Pami\u0105tki z wakacji - zpowrotem.pl\" \/>\n<meta property=\"og:description\" content=\"W\u0142a\u015bnie wr\u00f3ci\u0142e\u015b z wakacji. Ciskasz na pod\u0142og\u0119 baga\u017ce i je\u015bli nie masz szcz\u0119\u015bcia, kolejnego dnia p\u0119dzisz do pracy. Zdecydowanie lepiej, je\u017celi mo\u017cesz pozwoli\u0107 sobie na oddech i luksus rozpakowania walizek. A tam znale\u017a\u0107 mo\u017cesz przer\u00f3\u017cne skarby, kt\u00f3re zdecydowa\u0142e\u015b si\u0119 naby\u0107... Czytaj dalej &rarr;\" \/>\n<meta property=\"og:url\" content=\"https:\/\/zpowrotem.pl\/index.php\/2021\/08\/10\/pamiatki-z-wakacji\/\" \/>\n<meta property=\"og:site_name\" content=\"zpowrotem.pl\" \/>\n<meta property=\"article:publisher\" content=\"https:\/\/www.facebook.com\/zpowrotempl\/\" \/>\n<meta property=\"article:published_time\" content=\"2021-08-10T09:03:11+00:00\" \/>\n<meta property=\"article:modified_time\" content=\"2021-08-10T09:18:23+00:00\" \/>\n<meta property=\"og:image\" content=\"https:\/\/zpowrotem.pl\/wp-content\/uploads\/2021\/08\/IMG20210810104659_BURST000_COVER-scaled.jpg\" \/>\n\t<meta property=\"og:image:width\" content=\"2560\" \/>\n\t<meta property=\"og:image:height\" content=\"1920\" \/>\n\t<meta property=\"og:image:type\" content=\"image\/jpeg\" \/>\n<meta name=\"author\" content=\"Aleksandra Karczmar\" \/>\n<meta name=\"twitter:card\" content=\"summary_large_image\" \/>\n<meta name=\"twitter:label1\" content=\"Napisane przez\" \/>\n\t<meta name=\"twitter:data1\" content=\"Aleksandra Karczmar\" \/>\n\t<meta name=\"twitter:label2\" content=\"Szacowany czas czytania\" \/>\n\t<meta name=\"twitter:data2\" content=\"4 minuty\" \/>\n<script type=\"application\/ld+json\" class=\"yoast-schema-graph\">{\"@context\":\"https:\\\/\\\/schema.org\",\"@graph\":[{\"@type\":\"Article\",\"@id\":\"https:\\\/\\\/zpowrotem.pl\\\/index.php\\\/2021\\\/08\\\/10\\\/pamiatki-z-wakacji\\\/#article\",\"isPartOf\":{\"@id\":\"https:\\\/\\\/zpowrotem.pl\\\/index.php\\\/2021\\\/08\\\/10\\\/pamiatki-z-wakacji\\\/\"},\"author\":{\"name\":\"Aleksandra Karczmar\",\"@id\":\"https:\\\/\\\/zpowrotem.pl\\\/#\\\/schema\\\/person\\\/ca3d0bc1b57776e9da87e4273b3c96e1\"},\"headline\":\"Pami\u0105tki z wakacji\",\"datePublished\":\"2021-08-10T09:03:11+00:00\",\"dateModified\":\"2021-08-10T09:18:23+00:00\",\"mainEntityOfPage\":{\"@id\":\"https:\\\/\\\/zpowrotem.pl\\\/index.php\\\/2021\\\/08\\\/10\\\/pamiatki-z-wakacji\\\/\"},\"wordCount\":901,\"commentCount\":0,\"image\":{\"@id\":\"https:\\\/\\\/zpowrotem.pl\\\/index.php\\\/2021\\\/08\\\/10\\\/pamiatki-z-wakacji\\\/#primaryimage\"},\"thumbnailUrl\":\"https:\\\/\\\/zpowrotem.pl\\\/wp-content\\\/uploads\\\/2021\\\/08\\\/IMG20210810104659_BURST000_COVER-scaled.jpg\",\"keywords\":[\"Krak\u00f3w\",\"Malbork\",\"O\u015bwi\u0119cim\",\"pami\u0105tki\",\"Sopot\",\"wakacje\",\"Wieliczka\"],\"articleSection\":[\"Wpis\"],\"inLanguage\":\"pl-PL\",\"potentialAction\":[{\"@type\":\"CommentAction\",\"name\":\"Comment\",\"target\":[\"https:\\\/\\\/zpowrotem.pl\\\/index.php\\\/2021\\\/08\\\/10\\\/pamiatki-z-wakacji\\\/#respond\"]}]},{\"@type\":\"WebPage\",\"@id\":\"https:\\\/\\\/zpowrotem.pl\\\/index.php\\\/2021\\\/08\\\/10\\\/pamiatki-z-wakacji\\\/\",\"url\":\"https:\\\/\\\/zpowrotem.pl\\\/index.php\\\/2021\\\/08\\\/10\\\/pamiatki-z-wakacji\\\/\",\"name\":\"Pami\u0105tki z wakacji - zpowrotem.pl\",\"isPartOf\":{\"@id\":\"https:\\\/\\\/zpowrotem.pl\\\/#website\"},\"primaryImageOfPage\":{\"@id\":\"https:\\\/\\\/zpowrotem.pl\\\/index.php\\\/2021\\\/08\\\/10\\\/pamiatki-z-wakacji\\\/#primaryimage\"},\"image\":{\"@id\":\"https:\\\/\\\/zpowrotem.pl\\\/index.php\\\/2021\\\/08\\\/10\\\/pamiatki-z-wakacji\\\/#primaryimage\"},\"thumbnailUrl\":\"https:\\\/\\\/zpowrotem.pl\\\/wp-content\\\/uploads\\\/2021\\\/08\\\/IMG20210810104659_BURST000_COVER-scaled.jpg\",\"datePublished\":\"2021-08-10T09:03:11+00:00\",\"dateModified\":\"2021-08-10T09:18:23+00:00\",\"author\":{\"@id\":\"https:\\\/\\\/zpowrotem.pl\\\/#\\\/schema\\\/person\\\/ca3d0bc1b57776e9da87e4273b3c96e1\"},\"breadcrumb\":{\"@id\":\"https:\\\/\\\/zpowrotem.pl\\\/index.php\\\/2021\\\/08\\\/10\\\/pamiatki-z-wakacji\\\/#breadcrumb\"},\"inLanguage\":\"pl-PL\",\"potentialAction\":[{\"@type\":\"ReadAction\",\"target\":[\"https:\\\/\\\/zpowrotem.pl\\\/index.php\\\/2021\\\/08\\\/10\\\/pamiatki-z-wakacji\\\/\"]}]},{\"@type\":\"ImageObject\",\"inLanguage\":\"pl-PL\",\"@id\":\"https:\\\/\\\/zpowrotem.pl\\\/index.php\\\/2021\\\/08\\\/10\\\/pamiatki-z-wakacji\\\/#primaryimage\",\"url\":\"https:\\\/\\\/zpowrotem.pl\\\/wp-content\\\/uploads\\\/2021\\\/08\\\/IMG20210810104659_BURST000_COVER-scaled.jpg\",\"contentUrl\":\"https:\\\/\\\/zpowrotem.pl\\\/wp-content\\\/uploads\\\/2021\\\/08\\\/IMG20210810104659_BURST000_COVER-scaled.jpg\",\"width\":2560,\"height\":1920},{\"@type\":\"BreadcrumbList\",\"@id\":\"https:\\\/\\\/zpowrotem.pl\\\/index.php\\\/2021\\\/08\\\/10\\\/pamiatki-z-wakacji\\\/#breadcrumb\",\"itemListElement\":[{\"@type\":\"ListItem\",\"position\":1,\"name\":\"Strona g\u0142\u00f3wna\",\"item\":\"https:\\\/\\\/zpowrotem.pl\\\/\"},{\"@type\":\"ListItem\",\"position\":2,\"name\":\"Pami\u0105tki z wakacji\"}]},{\"@type\":\"WebSite\",\"@id\":\"https:\\\/\\\/zpowrotem.pl\\\/#website\",\"url\":\"https:\\\/\\\/zpowrotem.pl\\\/\",\"name\":\"zpowrotem.pl\",\"description\":\"psycholog pisze blog\",\"potentialAction\":[{\"@type\":\"SearchAction\",\"target\":{\"@type\":\"EntryPoint\",\"urlTemplate\":\"https:\\\/\\\/zpowrotem.pl\\\/?s={search_term_string}\"},\"query-input\":{\"@type\":\"PropertyValueSpecification\",\"valueRequired\":true,\"valueName\":\"search_term_string\"}}],\"inLanguage\":\"pl-PL\"},{\"@type\":\"Person\",\"@id\":\"https:\\\/\\\/zpowrotem.pl\\\/#\\\/schema\\\/person\\\/ca3d0bc1b57776e9da87e4273b3c96e1\",\"name\":\"Aleksandra Karczmar\",\"image\":{\"@type\":\"ImageObject\",\"inLanguage\":\"pl-PL\",\"@id\":\"https:\\\/\\\/secure.gravatar.com\\\/avatar\\\/be8eea0d93e3157f58a46250feb1efd9d6cd1a5c2f34315222fae668de4eb6e6?s=96&d=mm&r=g\",\"url\":\"https:\\\/\\\/secure.gravatar.com\\\/avatar\\\/be8eea0d93e3157f58a46250feb1efd9d6cd1a5c2f34315222fae668de4eb6e6?s=96&d=mm&r=g\",\"contentUrl\":\"https:\\\/\\\/secure.gravatar.com\\\/avatar\\\/be8eea0d93e3157f58a46250feb1efd9d6cd1a5c2f34315222fae668de4eb6e6?s=96&d=mm&r=g\",\"caption\":\"Aleksandra Karczmar\"},\"url\":\"https:\\\/\\\/zpowrotem.pl\\\/index.php\\\/author\\\/admin3156\\\/\"}]}<\/script>\n<!-- \/ Yoast SEO plugin. -->","yoast_head_json":{"title":"Pami\u0105tki z wakacji - zpowrotem.pl","robots":{"index":"index","follow":"follow","max-snippet":"max-snippet:-1","max-image-preview":"max-image-preview:large","max-video-preview":"max-video-preview:-1"},"canonical":"https:\/\/zpowrotem.pl\/index.php\/2021\/08\/10\/pamiatki-z-wakacji\/","og_locale":"pl_PL","og_type":"article","og_title":"Pami\u0105tki z wakacji - zpowrotem.pl","og_description":"W\u0142a\u015bnie wr\u00f3ci\u0142e\u015b z wakacji. Ciskasz na pod\u0142og\u0119 baga\u017ce i je\u015bli nie masz szcz\u0119\u015bcia, kolejnego dnia p\u0119dzisz do pracy. Zdecydowanie lepiej, je\u017celi mo\u017cesz pozwoli\u0107 sobie na oddech i luksus rozpakowania walizek. A tam znale\u017a\u0107 mo\u017cesz przer\u00f3\u017cne skarby, kt\u00f3re zdecydowa\u0142e\u015b si\u0119 naby\u0107... Czytaj dalej &rarr;","og_url":"https:\/\/zpowrotem.pl\/index.php\/2021\/08\/10\/pamiatki-z-wakacji\/","og_site_name":"zpowrotem.pl","article_publisher":"https:\/\/www.facebook.com\/zpowrotempl\/","article_published_time":"2021-08-10T09:03:11+00:00","article_modified_time":"2021-08-10T09:18:23+00:00","og_image":[{"width":2560,"height":1920,"url":"https:\/\/zpowrotem.pl\/wp-content\/uploads\/2021\/08\/IMG20210810104659_BURST000_COVER-scaled.jpg","type":"image\/jpeg"}],"author":"Aleksandra Karczmar","twitter_card":"summary_large_image","twitter_misc":{"Napisane przez":"Aleksandra Karczmar","Szacowany czas czytania":"4 minuty"},"schema":{"@context":"https:\/\/schema.org","@graph":[{"@type":"Article","@id":"https:\/\/zpowrotem.pl\/index.php\/2021\/08\/10\/pamiatki-z-wakacji\/#article","isPartOf":{"@id":"https:\/\/zpowrotem.pl\/index.php\/2021\/08\/10\/pamiatki-z-wakacji\/"},"author":{"name":"Aleksandra Karczmar","@id":"https:\/\/zpowrotem.pl\/#\/schema\/person\/ca3d0bc1b57776e9da87e4273b3c96e1"},"headline":"Pami\u0105tki z wakacji","datePublished":"2021-08-10T09:03:11+00:00","dateModified":"2021-08-10T09:18:23+00:00","mainEntityOfPage":{"@id":"https:\/\/zpowrotem.pl\/index.php\/2021\/08\/10\/pamiatki-z-wakacji\/"},"wordCount":901,"commentCount":0,"image":{"@id":"https:\/\/zpowrotem.pl\/index.php\/2021\/08\/10\/pamiatki-z-wakacji\/#primaryimage"},"thumbnailUrl":"https:\/\/zpowrotem.pl\/wp-content\/uploads\/2021\/08\/IMG20210810104659_BURST000_COVER-scaled.jpg","keywords":["Krak\u00f3w","Malbork","O\u015bwi\u0119cim","pami\u0105tki","Sopot","wakacje","Wieliczka"],"articleSection":["Wpis"],"inLanguage":"pl-PL","potentialAction":[{"@type":"CommentAction","name":"Comment","target":["https:\/\/zpowrotem.pl\/index.php\/2021\/08\/10\/pamiatki-z-wakacji\/#respond"]}]},{"@type":"WebPage","@id":"https:\/\/zpowrotem.pl\/index.php\/2021\/08\/10\/pamiatki-z-wakacji\/","url":"https:\/\/zpowrotem.pl\/index.php\/2021\/08\/10\/pamiatki-z-wakacji\/","name":"Pami\u0105tki z wakacji - zpowrotem.pl","isPartOf":{"@id":"https:\/\/zpowrotem.pl\/#website"},"primaryImageOfPage":{"@id":"https:\/\/zpowrotem.pl\/index.php\/2021\/08\/10\/pamiatki-z-wakacji\/#primaryimage"},"image":{"@id":"https:\/\/zpowrotem.pl\/index.php\/2021\/08\/10\/pamiatki-z-wakacji\/#primaryimage"},"thumbnailUrl":"https:\/\/zpowrotem.pl\/wp-content\/uploads\/2021\/08\/IMG20210810104659_BURST000_COVER-scaled.jpg","datePublished":"2021-08-10T09:03:11+00:00","dateModified":"2021-08-10T09:18:23+00:00","author":{"@id":"https:\/\/zpowrotem.pl\/#\/schema\/person\/ca3d0bc1b57776e9da87e4273b3c96e1"},"breadcrumb":{"@id":"https:\/\/zpowrotem.pl\/index.php\/2021\/08\/10\/pamiatki-z-wakacji\/#breadcrumb"},"inLanguage":"pl-PL","potentialAction":[{"@type":"ReadAction","target":["https:\/\/zpowrotem.pl\/index.php\/2021\/08\/10\/pamiatki-z-wakacji\/"]}]},{"@type":"ImageObject","inLanguage":"pl-PL","@id":"https:\/\/zpowrotem.pl\/index.php\/2021\/08\/10\/pamiatki-z-wakacji\/#primaryimage","url":"https:\/\/zpowrotem.pl\/wp-content\/uploads\/2021\/08\/IMG20210810104659_BURST000_COVER-scaled.jpg","contentUrl":"https:\/\/zpowrotem.pl\/wp-content\/uploads\/2021\/08\/IMG20210810104659_BURST000_COVER-scaled.jpg","width":2560,"height":1920},{"@type":"BreadcrumbList","@id":"https:\/\/zpowrotem.pl\/index.php\/2021\/08\/10\/pamiatki-z-wakacji\/#breadcrumb","itemListElement":[{"@type":"ListItem","position":1,"name":"Strona g\u0142\u00f3wna","item":"https:\/\/zpowrotem.pl\/"},{"@type":"ListItem","position":2,"name":"Pami\u0105tki z wakacji"}]},{"@type":"WebSite","@id":"https:\/\/zpowrotem.pl\/#website","url":"https:\/\/zpowrotem.pl\/","name":"zpowrotem.pl","description":"psycholog pisze blog","potentialAction":[{"@type":"SearchAction","target":{"@type":"EntryPoint","urlTemplate":"https:\/\/zpowrotem.pl\/?s={search_term_string}"},"query-input":{"@type":"PropertyValueSpecification","valueRequired":true,"valueName":"search_term_string"}}],"inLanguage":"pl-PL"},{"@type":"Person","@id":"https:\/\/zpowrotem.pl\/#\/schema\/person\/ca3d0bc1b57776e9da87e4273b3c96e1","name":"Aleksandra Karczmar","image":{"@type":"ImageObject","inLanguage":"pl-PL","@id":"https:\/\/secure.gravatar.com\/avatar\/be8eea0d93e3157f58a46250feb1efd9d6cd1a5c2f34315222fae668de4eb6e6?s=96&d=mm&r=g","url":"https:\/\/secure.gravatar.com\/avatar\/be8eea0d93e3157f58a46250feb1efd9d6cd1a5c2f34315222fae668de4eb6e6?s=96&d=mm&r=g","contentUrl":"https:\/\/secure.gravatar.com\/avatar\/be8eea0d93e3157f58a46250feb1efd9d6cd1a5c2f34315222fae668de4eb6e6?s=96&d=mm&r=g","caption":"Aleksandra Karczmar"},"url":"https:\/\/zpowrotem.pl\/index.php\/author\/admin3156\/"}]}},"_links":{"self":[{"href":"https:\/\/zpowrotem.pl\/index.php\/wp-json\/wp\/v2\/posts\/534","targetHints":{"allow":["GET"]}}],"collection":[{"href":"https:\/\/zpowrotem.pl\/index.php\/wp-json\/wp\/v2\/posts"}],"about":[{"href":"https:\/\/zpowrotem.pl\/index.php\/wp-json\/wp\/v2\/types\/post"}],"author":[{"embeddable":true,"href":"https:\/\/zpowrotem.pl\/index.php\/wp-json\/wp\/v2\/users\/1"}],"replies":[{"embeddable":true,"href":"https:\/\/zpowrotem.pl\/index.php\/wp-json\/wp\/v2\/comments?post=534"}],"version-history":[{"count":3,"href":"https:\/\/zpowrotem.pl\/index.php\/wp-json\/wp\/v2\/posts\/534\/revisions"}],"predecessor-version":[{"id":541,"href":"https:\/\/zpowrotem.pl\/index.php\/wp-json\/wp\/v2\/posts\/534\/revisions\/541"}],"wp:featuredmedia":[{"embeddable":true,"href":"https:\/\/zpowrotem.pl\/index.php\/wp-json\/wp\/v2\/media\/535"}],"wp:attachment":[{"href":"https:\/\/zpowrotem.pl\/index.php\/wp-json\/wp\/v2\/media?parent=534"}],"wp:term":[{"taxonomy":"category","embeddable":true,"href":"https:\/\/zpowrotem.pl\/index.php\/wp-json\/wp\/v2\/categories?post=534"},{"taxonomy":"post_tag","embeddable":true,"href":"https:\/\/zpowrotem.pl\/index.php\/wp-json\/wp\/v2\/tags?post=534"}],"curies":[{"name":"wp","href":"https:\/\/api.w.org\/{rel}","templated":true}]}}